{"id":7775,"date":"2023-06-20T11:45:00","date_gmt":"2023-06-20T09:45:00","guid":{"rendered":"https:\/\/dusens.group\/?post_type=press&#038;p=7775"},"modified":"2025-05-13T14:05:29","modified_gmt":"2025-05-13T12:05:29","slug":"dusens-group-ex-tequilarapido-x-mobilize-frappent-fort-avec-une-operation-guerilla","status":"publish","type":"press","link":"https:\/\/dusens.group\/fr\/press\/dusens-group-ex-tequilarapido-x-mobilize-frappent-fort-avec-une-operation-guerilla\/","title":{"rendered":"Dusens Group (ex tequilarapido) x Mobilize frappent fort avec une op\u00e9ration gu\u00e9rilla"},"content":{"rendered":"\n\n<div class=\"cp-herobanner-press teq-container pt-[120px] bg-sandOpal\">\n    <div class=\"teq-grid\">\n        <div class=\"col-span-24 mt-[140px] lg:mt-20 mb-10 cp-breadcrumb  font-shoene hidden lg:grid\">\n            <nav class=\"breadcrumb\">\n            <span><span><a href=\"https:\/\/dusens.group\/fr\/\">Accueil<\/a><\/span><\/span>        <\/nav>\n    <\/div>\n    <\/div>\n    <div class=\"teq-grid\">\n        <div class=\"col-span-6 md:col-span-12 lg:col-span-8 lg:col-start-3 2xl:col-span-10 2xl:col-start-1 order-2 lg:order-1 self-center left\">\n                            <picture class=\"aspect-[720\/546]\">\n                    <source media=\"(max-width: 767px)\" srcset=\"https:\/\/dusens.group\/app\/uploads\/2023\/06\/banner-cp-mobilize-mobile.jpg\" \/>\n                    <source media=\"(min-width: 768px)\" srcset=\"https:\/\/dusens.group\/app\/uploads\/2023\/06\/banner-cp-mobilize.jpg\" \/>\n                    <img decoding=\"async\" src=\"https:\/\/dusens.group\/app\/uploads\/2023\/06\/banner-cp-mobilize.jpg\" alt=\"banner-cp-mobilize\" \/>\n                <\/picture>\n                    <\/div>\n        <div class=\"col-span-6 md:col-span-12 lg:col-span-10 lg:col-start-13 2xl:col-span-12 2xl:col-start-13  order-1 lg:order-2 mb-12 lg:mb-0 right\">\n\n            <div class=\"tags-share flex justify-between items-center\">\n                <ul class=\"flex tags gap-4 mb-4 mt-10\">\n                                                                        <li class=\"font-sohne text-xs font-semibold leading-none uppercase square-before\">R\u00e9alisations<\/li>\n                                                            <\/ul>\n\n                <div class=\"share-wrapper desktop-only flex gap-6 mb-8 mt-10\">\n                    <div class=\"share-part flex gap-1 cursor-pointer relative\">\n                        <div class=\"share-part-inner flex gap-1 items-center\">\n                            <div class=\"relative share-label-wrapper\">\n                                <p class=\"label-inner text-base\">Share<\/p>\n                                <div class=\"share-list mt-3 mt-lg-0 height-100 absolute\">\n                                    <div class=\"flex  align-center\">\n                                        <a target=\"_blank\"\n                                            href=\"https:\/\/twitter.com\/intent\/tweet?url=https%3A%2F%2Fdusens.group%2Ffr%2Fpress%2Fdusens-group-ex-tequilarapido-x-mobilize-frappent-fort-avec-une-operation-guerilla%2F\"\n                                            onclick=\"window.open(this.href, 'mywin', 'left=20,top=20,width=500,height=500,toolbar=1,resizable=0'); return false;\"\n                                            class=\"txt-0 share-btn anim-ltr\"\n                                            tabindex=\"-1\"\n                                            aria-label=\"\">\n                                            <svg class=\"icon-x\">\n                                                <use xlink:href=\"#icon-x\"><\/use>\n                                            <\/svg>\n                                        <\/a>\n                                        <a  href=\"https:\/\/www.linkedin.com\/sharing\/share-offsite\/?url=https:\/\/dusens.group\/fr\/press\/dusens-group-ex-tequilarapido-x-mobilize-frappent-fort-avec-une-operation-guerilla\/\"\n                                            onclick=\"window.open(this.href, 'mywin', 'left=20,top=20,width=500,height=500,toolbar=1,resizable=0'); return false;\"\n                                            class=\"txt-0 share-btn anim-ltr\"\n                                            tabindex=\"-1\"\n                                            aria-label=\"\">\n                                            <svg class=\"icon-linkedin\">\n                                                <use xlink:href=\"#icon-linkedin\"><\/use>\n                                            <\/svg>\n                                        <\/a>\n                                        <a  href=\"https:\/\/www.facebook.com\/sharer.php?u=https:\/\/dusens.group\/fr\/press\/dusens-group-ex-tequilarapido-x-mobilize-frappent-fort-avec-une-operation-guerilla\/\"\n                                            onclick=\"window.open(this.href, 'mywin', 'left=20,top=20,width=500,height=500,toolbar=1,resizable=0'); return false;\"\n                                            class=\"txt-0 share-btn anim-ltr\"\n                                            tabindex=\"-1\"\n                                            aria-label=\"\">\n                                            <svg class=\"icon-facebook\">\n                                                <use xlink:href=\"#icon-facebook\"><\/use>\n                                            <\/svg>\n                                        <\/a>\n                                    <\/div>\n                                <\/div>\n                            <\/div>\n                            <svg class=\"icon-share\">\n                                <use xlink:href=\"#icon-share\"><\/use>\n                            <\/svg>\n                        <\/div>\n                    <\/div>\n\n                    <div class=\"copy-url-part flex gap-1 items-center cursor-pointer\">\n                        <p class=\"copy-label anim-ltr text-base\">\n                            Copier l&rsquo;URL                        <\/p>\n                        <p class=\"copied-label anim-ltr\">\n                            Copi\u00e9e !                        <\/p>\n                        <svg class=\"icon-copy\">\n                            <use xlink:href=\"#icon-copy\"><\/use>\n                        <\/svg>\n                    <\/div>\n                <\/div>\n            <\/div>\n\n            <div class=\"flex flex-col gap-6\">\n                                    <h1 class=\"font-sohne text-2xl lg:text-3vw font-semibold uppercase\">\n                        <p>Dusens Group (ex tequilarapido) x Mobilize frappent fort avec une op\u00e9ration gu\u00e9rilla<\/p>\n                    <\/h1>\n                \n                <!-- Mobile share modal -->\n                <div class=\"share-wrapper mobile-only flex gap-1 cursor-pointer relative items-center\">\n                    <svg class=\"icon-share\">\n                        <use xlink:href=\"#icon-share\"><\/use>\n                    <\/svg>\n                    <p class=\"label\">partager<\/p>\n                <\/div>\n\n                <div class=\"flex items-center gap-6\">\n                                            <p class=\"font-sohne text-base w-400 text-dark\">\n                            Nice, le 20 juin 2023                        <\/p>\n                                                                <div class=\"flex items-center gap-2\">\n                            <svg aria-hidden=\"true\" focusable=\"false\" width=\"14\" height=\"14\" viewBox=\"0 0 14 14\" fill=\"none\" xmlns=\"http:\/\/www.w3.org\/2000\/svg\">\n                                <path fill-rule=\"evenodd\" clip-rule=\"evenodd\" d=\"M7 14C10.866 14 14 10.866 14 7C14 3.13401 10.866 0 7 0C3.13401 0 0 3.13401 0 7C0 10.866 3.13401 14 7 14ZM8 6.585V3.00325H6V7.41421L8.29289 9.70711L9.70711 8.29289L8 6.585Z\" fill=\"#212121\"\/>\n                            <\/svg>\n                            <p class=\"font-sohne text-base w-400 text-dark\">\n                                2 min                            <\/p>\n                        <\/div>\n                                    <\/div>\n\n                                    <div class=\"wysiwyg\">\n                        <p>\n                            <p>Afin de continuer \u00e0 accro\u00eetre la notori\u00e9t\u00e9 de la marque Mobilize &#8211; pr\u00e9sent\u00e9e comme le futur du Groupe Renault &#8211; et incarner sa personnalit\u00e9 de \u201cPlayful Activist\u201d, l\u2019agence Dusens Group (ex tequilarapido) a pens\u00e9 une campagne gu\u00e9rilla impactante, diffus\u00e9e aux abords du salon Vivatech.<\/p>\n                        <\/p>\n                    <\/div>\n                            <\/div>\n\n                            <a  class=\"btn-primary mt-10 new-tab\" \n                    href=\"https:\/\/dusens.group\/app\/uploads\/2025\/05\/dusens-cp-mobilize-fr.pdf\" \n                    target=\"_blank\" \n                    data-text=\"T\u00e9l\u00e9charger le communiqu\u00e9\" >          \n                    <span class=\"left\">\n                        <svg class=\"icon-arrow-cta\">\n                            <use xlink:href=\"#icon-arrow-cta\"><\/use>\n                        <\/svg>\n                    <\/span>\n                    <span class=\"right\">\n                    T\u00e9l\u00e9charger le communiqu\u00e9                        <svg class=\"icon-arrow-cta\">\n                            <use xlink:href=\"#icon-arrow-cta\"><\/use>\n                        <\/svg>\n                    <\/span>\n                <\/a>\n                    <\/div>\n    <\/div>\n<\/div>\n\n\n\n<div id=\"wysiwyg-block_d8cae759f9b77aeac06b62fc5f5cb330\" class=\"teq-container    \" >\n    <div class=\"teq-grid\">\n        <div class=\"col-span-6 md:col-span-12 lg:col-span-16 lg:col-start-5 teq-wysiwyg \">\n            <p>Afin de continuer \u00e0 accro\u00eetre la notori\u00e9t\u00e9 de la marque Mobilize &#8211; pr\u00e9sent\u00e9e comme le futur du Groupe Renault &#8211; et incarner sa personnalit\u00e9 de \u201cPlayful Activist\u201d, l\u2019agence Dusens Group (ex tequilarapido) a pens\u00e9 une campagne gu\u00e9rilla impactante, diffus\u00e9e aux abords du salon Vivatech.<\/p>\n<p>Les enjeux actuels li\u00e9s \u00e0 la mobilit\u00e9 poussent vers l\u2019innovation utile. Pour autant, les salons pr\u00e9sentent encore de nombreux concepts et gadgets qui ne verront jamais le jour. C\u2019est en partant de cet insight que Dusens Group positionne Mobilize comme la marque aux innovations technologiques au service d\u2019une mobilit\u00e9 et d\u2019une \u00e9nergie utiles.<\/p>\n<p>Une prise de parole engag\u00e9e et engageante, \u00e0 l\u2019image de la personnalit\u00e9 de la marque Mobilize, a \u00e9t\u00e9 imagin\u00e9e et d\u00e9ploy\u00e9e par Dusens avec une campagne reposant sur des boards :<\/p>\n<p style=\"text-align: center;\"><strong>3 cr\u00e9ations positionn\u00e9es autour de Paris Expo,<\/strong><br \/>\n<strong>\u00e0 des carrefours de trafic cl\u00e9 pendant 3 jours,<\/strong><br \/>\n<strong>accompagn\u00e9es de clean tags au sol<\/strong><\/p>\n        <\/div>\n    <\/div>\n     \n<\/div>\n\n\n\n<div id=\"block_1ade27b3d9d9bb9926b88c0477a14b98\" class=\"cp-img teq-container    \" >\n        <div class=\"teq-grid\">\n        <figure class=\"col-span-6 md:col-span-20 md:col-start-3\">\n            <div class=\"img-wrapper relative\">\n\n                                    <picture class=\"width-100\">\n                        <source media=\"(max-width: 767px)\" srcset=\"https:\/\/dusens.group\/app\/uploads\/2023\/06\/cp-mobilize-illustration-mobile.jpg\" \/>\n                        <source media=\"(min-width: 768px)\" srcset=\"https:\/\/dusens.group\/app\/uploads\/2023\/06\/cp-mobilize-illustration.jpg\" \/>\n                        <img decoding=\"async\" clas=\"\" src=\"https:\/\/dusens.group\/app\/uploads\/2023\/06\/cp-mobilize-illustration.jpg\" alt=\"cp-mobilize-illustration\" \/>\n                    <\/picture>\n                \n                \n            <\/div>\n                    <\/figure>\n    <\/div>\n     \n<\/div>\n\n\n\n<div class=\"cp-blockquote-press teq-container\">\n    <div class=\"teq-grid\">\n        <div class=\"col-span-6 md:col-span-12 lg:col-span-12 lg:col-start-7 grid gap-6\">\n            <div class=\"flex justify-center\">\n                <svg focusable=\"false\" aria-hidden=\"true\" width=\"64\" height=\"64\" viewBox=\"0 0 64 64\" fill=\"none\" xmlns=\"http:\/\/www.w3.org\/2000\/svg\">\n                    <rect width=\"64\" height=\"64\" fill=\"#FFFF01\"\/>\n                    <path d=\"M24.32 30.36H29.6V41.72H18V29.72C18 26.4667 19.04 23.88 21.12 21.96C23.2533 20.04 26.08 19.0533 29.6 19V24.36C27.7867 24.52 26.4533 25.0267 25.6 25.88C24.7467 26.68 24.32 27.8533 24.32 29.4V30.36ZM40.24 30.36H45.52V41.72H33.92V29.72C33.92 26.4667 34.96 23.88 37.04 21.96C39.1733 20.04 42 19.0533 45.52 19V24.36C43.7067 24.52 42.3733 25.0267 41.52 25.88C40.6667 26.68 40.24 27.8533 40.24 29.4V30.36Z\" fill=\"#212121\"\/>\n                <\/svg>\n            <\/div>\n\n                            <blockquote class=\"font-sohne text-xl lg:text-2xl text-center\">\n                    <p>Chez Mobilize, en tant que marque jeune et innovante, nous avons besoin de trouver des moyens agiles, efficaces et diff\u00e9rents de communiquer. La proposition que nous a faite tequilarapido, de mani\u00e8re tr\u00e8s spontan\u00e9e et cr\u00e9ative, \u00e9tait parfaitement align\u00e9e avec nos g\u00e8ne de \u2018Playful Activist\u2019 ! Cela nous a permis d\u2019\u00eatre visibles et d\u2019interpeller de mani\u00e8re tr\u00e8s efficiente et sympathique. Et en plus de profiter de la mise en place pour motiver toutes les \u00e9quipes avant le salon !<\/p>\n                <\/blockquote>\n            \n                            <div class=\"flex flex-col justify-center\">\n                                          <div class=\"font-sohne text-[18px] font-semibold text-center\">\n                            <p>Marion Humeau<\/p>\n                      <\/div>\n                                                                <div class=\"font-sohne text-[18px] text-center\">\n                            <p>Chief Marketing Officer chez Mobilize<\/p>\n                        <\/div>\n                                    <\/div>\n                    <\/div>\n    <\/div>\n<\/div>\n\n\n\n<div id=\"wysiwyg-block_6f23dae0b3af0085487a8ce536e124a0\" class=\"teq-container    \" >\n    <div class=\"teq-grid\">\n        <div class=\"col-span-6 md:col-span-12 lg:col-span-16 lg:col-start-5 teq-wysiwyg \">\n            <p>Une collaboration qui n\u2019en est pas \u00e0 sa premi\u00e8re ! Dusens Group (ex tequilarapido) accompagne Mobilize depuis son lancement en 2021, notamment par la cr\u00e9ation de contenus digitaux autour d\u2019une ligne \u00e9ditoriale originale et inspir\u00e9e du \u201cgaming\u201d collant parfaitement \u00e0 l\u2019image de la marque.<\/p>\n<h3>Fiche technique de la campagne :<\/h3>\n<ul>\n<li><strong>Client<\/strong> : Mobilize, Marion Humeau, Chief marketing officer<\/li>\n<li><strong>Agence<\/strong> : Dusens Group<\/li>\n<li><strong>Direction Artistique<\/strong> : Rapha\u00ebl Latrille<\/li>\n<li><strong>Conception-R\u00e9daction<\/strong> : Alexandre Foucray<\/li>\n<li><strong>Planning Strat\u00e9gique<\/strong> : Iris Bensimon<\/li>\n<li><strong>Responsable M\u00e9dia<\/strong> : Caroline Gauci<\/li>\n<li><strong>Directeur de client\u00e8le<\/strong> : Thibault Tr\u00e9hin<\/li>\n<li><strong>Business Director<\/strong> : Sophie Gustinelli Cathelin<\/li>\n<li><strong>Chef de projet<\/strong> : Pauline Lerdon<\/li>\n<\/ul>\n        <\/div>\n    <\/div>\n     \n<\/div>\n\n\n\n\n\n<div id=\"wysiwyg-block_18115e968cae928b8e8c468f0d039d57\" class=\"teq-container    \" >\n    <div class=\"teq-grid\">\n        <div class=\"col-span-6 md:col-span-12 lg:col-span-16 lg:col-start-5 teq-wysiwyg \">\n            <p style=\"text-align: center;\"><strong>Contact presse<\/strong><br \/>\n<strong>Delphine Penalva I dpenalva@dusens.group I +33 6 68 53 72 36<\/strong><\/p>\n        <\/div>\n    <\/div>\n     \n<\/div>\n\n\n\n\n\n<div id=\"cp-press-content-block_1e8862281ab1be814331bc81ec0e950d\" class=\"teq-container full-screen cp-press-content relative bg-lightSand\">\n  <div class=\"teq-grid\">\n    <div class=\"col-start-1 col-span-6 lg:col-start-2 lg:col-span-22\">\n      <h2 class=\"text-4xl lg:text-[88px] leading-none uppercase title font-semibold mb-[24px]\">\n          Plus d&rsquo;actus      <\/h2>\n    <\/div>\n  <\/div>\n\n  <div class=\"news-wrapper flex flex-col\">\n          <a href=\"https:\/\/dusens.group\/fr\/press\/engie-confie-la-refonte-de-son-site-corporate-a-dusens-group\/\" target=\"\" class=\"new-entry cursor-pointer pt-[24px] teq-grid\">\n        <p class=\"date text-xl col-span-6 lg:col-span-2 lg:col-start-2 mt-[32px]\">10\/02\/2025<\/p>\n        <p class=\"text-xl uppercase leading-none font-semibold mb-4 lg:mb-0 lg:pr-10 col-start-1 col-span-6 lg:col-span-12 lg:col-start-5 mt-[32px]\">ENGIE confie la refonte de son site corporate \u00e0 Dusens Group<\/p>\n\n        <div class=\"col-start-1 col-span-6 lg:col-span-3 lg:col-start-[21]\">\n          <img decoding=\"async\" src=\"https:\/\/dusens.group\/app\/uploads\/2025\/04\/thumbnail-cp-engie.jpg\">\n        <\/div>\n\n        <div class=\"border-custom col-span-6 lg:col-span-22 lg:col-start-2 mt-[48px]\"><\/div>\n      <\/a>\n          <a href=\"https:\/\/dusens.group\/fr\/press\/campagne-onu-femmes-x-dusens-group-ex-tequilarapido\/\" target=\"\" class=\"new-entry cursor-pointer pt-[24px] teq-grid\">\n        <p class=\"date text-xl col-span-6 lg:col-span-2 lg:col-start-2 mt-[32px]\">21\/08\/2024<\/p>\n        <p class=\"text-xl uppercase leading-none font-semibold mb-4 lg:mb-0 lg:pr-10 col-start-1 col-span-6 lg:col-span-12 lg:col-start-5 mt-[32px]\">Campagne ONU Femmes x Dusens Group<\/p>\n\n        <div class=\"col-start-1 col-span-6 lg:col-span-3 lg:col-start-[21]\">\n          <img decoding=\"async\" src=\"https:\/\/dusens.group\/app\/uploads\/2024\/08\/thumbnail-cp-onu.jpg\">\n        <\/div>\n\n        <div class=\"border-custom col-span-6 lg:col-span-22 lg:col-start-2 mt-[48px]\"><\/div>\n      <\/a>\n          <a href=\"https:\/\/dusens.group\/fr\/press\/tequilarapido-celebre-lart-de-vivre-mediterraneen-a-la-gare-du-sud-de-nice-pour-gruppo-iera-it-italiantrattoria\/\" target=\"\" class=\"new-entry cursor-pointer pt-[24px] teq-grid\">\n        <p class=\"date text-xl col-span-6 lg:col-span-2 lg:col-start-2 mt-[32px]\">13\/07\/2023<\/p>\n        <p class=\"text-xl uppercase leading-none font-semibold mb-4 lg:mb-0 lg:pr-10 col-start-1 col-span-6 lg:col-span-12 lg:col-start-5 mt-[32px]\">Tequilarapido c\u00e9l\u00e8bre l\u2019art de vivre m\u00e9diterran\u00e9en \u00e0 la Gare du Sud de Nice pour gruppo Iera (IT ItalianTrattoria)<\/p>\n\n        <div class=\"col-start-1 col-span-6 lg:col-span-3 lg:col-start-[21]\">\n          <img decoding=\"async\" src=\"https:\/\/dusens.group\/app\/uploads\/2023\/07\/thumbnail-cp-mediterraneo.jpg\">\n        <\/div>\n\n        <div class=\"border-custom col-span-6 lg:col-span-22 lg:col-start-2 mt-[48px]\"><\/div>\n      <\/a>\n      <\/div>\n\n    \n  <svg class=\"absolute halo\" xmlns=\"http:\/\/www.w3.org\/2000\/svg\" width=\"573\" height=\"764\" viewBox=\"0 0 573 764\" fill=\"none\">\n    <g filter=\"url(#filter0_f_8159_6284)\">\n      <path d=\"M220.348 567.653C191.02 552.576 209.454 515.856 195.258 472.439C181.062 429.023 427.324 99.0064 367.628 221.321C307.932 343.635 432.159 519.007 349.43 493.801C266.702 468.595 249.676 582.729 220.348 567.653Z\" fill=\"#FFFF01\"\/>\n    <\/g>\n    <defs>\n      <filter id=\"filter0_f_8159_6284\" x=\"0.664062\" y=\"0.294434\" width=\"572.211\" height=\"762.736\" filterUnits=\"userSpaceOnUse\" color-interpolation-filters=\"sRGB\">\n        <feFlood flood-opacity=\"0\" result=\"BackgroundImageFix\"\/>\n        <feBlend mode=\"normal\" in=\"SourceGraphic\" in2=\"BackgroundImageFix\" result=\"shape\"\/>\n        <feGaussianBlur stdDeviation=\"97\" result=\"effect1_foregroundBlur_8159_6284\"\/>\n      <\/filter>\n    <\/defs>\n  <\/svg>\n  \n<\/div>\n","protected":false},"excerpt":{"rendered":"","protected":false},"template":"","topics":[450],"class_list":["post-7775","press","type-press","status-publish","hentry","topics-realisations"],"acf":[],"yoast_head":"<!-- This site is optimized with the Yoast SEO plugin v23.1 - https:\/\/yoast.com\/wordpress\/plugins\/seo\/ -->\n<title>Dusens Group x Mobilize frappent fort avec une op\u00e9ration gu\u00e9rilla - Dusens Group<\/title>\n<meta name=\"description\" content=\"Dusens Group a pens\u00e9 une campagne impactante, en marge du salon Vivatech, afin de continuer \u00e0 accro\u00eetre la notori\u00e9t\u00e9 de la marque Mobilize.\" \/>\n<meta name=\"robots\" content=\"index, follow, max-snippet:-1, max-image-preview:large, max-video-preview:-1\" \/>\n<link rel=\"canonical\" href=\"https:\/\/dusens.group\/fr\/press\/dusens-group-ex-tequilarapido-x-mobilize-frappent-fort-avec-une-operation-guerilla\/\" \/>\n<meta property=\"og:locale\" content=\"fr_FR\" \/>\n<meta property=\"og:type\" content=\"article\" \/>\n<meta property=\"og:title\" content=\"Dusens Group x Mobilize frappent fort avec une op\u00e9ration gu\u00e9rilla - Dusens Group\" \/>\n<meta property=\"og:description\" content=\"Dusens Group a pens\u00e9 une campagne impactante, en marge du salon Vivatech, afin de continuer \u00e0 accro\u00eetre la notori\u00e9t\u00e9 de la marque Mobilize.\" \/>\n<meta property=\"og:url\" content=\"https:\/\/dusens.group\/fr\/press\/dusens-group-ex-tequilarapido-x-mobilize-frappent-fort-avec-une-operation-guerilla\/\" \/>\n<meta property=\"og:site_name\" content=\"Dusens Group\" \/>\n<meta property=\"article:modified_time\" content=\"2025-05-13T12:05:29+00:00\" \/>\n<meta name=\"twitter:card\" content=\"summary_large_image\" \/>\n<script type=\"application\/ld+json\" class=\"yoast-schema-graph\">{\"@context\":\"https:\/\/schema.org\",\"@graph\":[{\"@type\":\"WebPage\",\"@id\":\"https:\/\/dusens.group\/fr\/press\/dusens-group-ex-tequilarapido-x-mobilize-frappent-fort-avec-une-operation-guerilla\/\",\"url\":\"https:\/\/dusens.group\/fr\/press\/dusens-group-ex-tequilarapido-x-mobilize-frappent-fort-avec-une-operation-guerilla\/\",\"name\":\"Dusens Group x Mobilize frappent fort avec une op\u00e9ration gu\u00e9rilla - Dusens Group\",\"isPartOf\":{\"@id\":\"https:\/\/dusens.group\/fr\/#website\"},\"datePublished\":\"2023-06-20T09:45:00+00:00\",\"dateModified\":\"2025-05-13T12:05:29+00:00\",\"description\":\"Dusens Group a pens\u00e9 une campagne impactante, en marge du salon Vivatech, afin de continuer \u00e0 accro\u00eetre la notori\u00e9t\u00e9 de la marque Mobilize.\",\"breadcrumb\":{\"@id\":\"https:\/\/dusens.group\/fr\/press\/dusens-group-ex-tequilarapido-x-mobilize-frappent-fort-avec-une-operation-guerilla\/#breadcrumb\"},\"inLanguage\":\"fr-FR\",\"potentialAction\":[{\"@type\":\"ReadAction\",\"target\":[\"https:\/\/dusens.group\/fr\/press\/dusens-group-ex-tequilarapido-x-mobilize-frappent-fort-avec-une-operation-guerilla\/\"]}]},{\"@type\":\"BreadcrumbList\",\"@id\":\"https:\/\/dusens.group\/fr\/press\/dusens-group-ex-tequilarapido-x-mobilize-frappent-fort-avec-une-operation-guerilla\/#breadcrumb\",\"itemListElement\":[{\"@type\":\"ListItem\",\"position\":1,\"name\":\"Accueil\",\"item\":\"https:\/\/dusens.group\/fr\/\"},{\"@type\":\"ListItem\",\"position\":2,\"name\":\"Nos actualit\u00e9s\",\"item\":\"https:\/\/dusens.group\/fr\/presse\/\"},{\"@type\":\"ListItem\",\"position\":3,\"name\":\"Dusens Group (ex tequilarapido) x Mobilize frappent fort avec une op\u00e9ration gu\u00e9rilla\"}]},{\"@type\":\"WebSite\",\"@id\":\"https:\/\/dusens.group\/fr\/#website\",\"url\":\"https:\/\/dusens.group\/fr\/\",\"name\":\"Dusens Group\",\"description\":\"\",\"potentialAction\":[{\"@type\":\"SearchAction\",\"target\":{\"@type\":\"EntryPoint\",\"urlTemplate\":\"https:\/\/dusens.group\/fr\/?s={search_term_string}\"},\"query-input\":\"required name=search_term_string\"}],\"inLanguage\":\"fr-FR\"}]}<\/script>\n<!-- \/ Yoast SEO plugin. -->","yoast_head_json":{"title":"Dusens Group x Mobilize frappent fort avec une op\u00e9ration gu\u00e9rilla - Dusens Group","description":"Dusens Group a pens\u00e9 une campagne impactante, en marge du salon Vivatech, afin de continuer \u00e0 accro\u00eetre la notori\u00e9t\u00e9 de la marque Mobilize.","robots":{"index":"index","follow":"follow","max-snippet":"max-snippet:-1","max-image-preview":"max-image-preview:large","max-video-preview":"max-video-preview:-1"},"canonical":"https:\/\/dusens.group\/fr\/press\/dusens-group-ex-tequilarapido-x-mobilize-frappent-fort-avec-une-operation-guerilla\/","og_locale":"fr_FR","og_type":"article","og_title":"Dusens Group x Mobilize frappent fort avec une op\u00e9ration gu\u00e9rilla - Dusens Group","og_description":"Dusens Group a pens\u00e9 une campagne impactante, en marge du salon Vivatech, afin de continuer \u00e0 accro\u00eetre la notori\u00e9t\u00e9 de la marque Mobilize.","og_url":"https:\/\/dusens.group\/fr\/press\/dusens-group-ex-tequilarapido-x-mobilize-frappent-fort-avec-une-operation-guerilla\/","og_site_name":"Dusens Group","article_modified_time":"2025-05-13T12:05:29+00:00","twitter_card":"summary_large_image","schema":{"@context":"https:\/\/schema.org","@graph":[{"@type":"WebPage","@id":"https:\/\/dusens.group\/fr\/press\/dusens-group-ex-tequilarapido-x-mobilize-frappent-fort-avec-une-operation-guerilla\/","url":"https:\/\/dusens.group\/fr\/press\/dusens-group-ex-tequilarapido-x-mobilize-frappent-fort-avec-une-operation-guerilla\/","name":"Dusens Group x Mobilize frappent fort avec une op\u00e9ration gu\u00e9rilla - Dusens Group","isPartOf":{"@id":"https:\/\/dusens.group\/fr\/#website"},"datePublished":"2023-06-20T09:45:00+00:00","dateModified":"2025-05-13T12:05:29+00:00","description":"Dusens Group a pens\u00e9 une campagne impactante, en marge du salon Vivatech, afin de continuer \u00e0 accro\u00eetre la notori\u00e9t\u00e9 de la marque Mobilize.","breadcrumb":{"@id":"https:\/\/dusens.group\/fr\/press\/dusens-group-ex-tequilarapido-x-mobilize-frappent-fort-avec-une-operation-guerilla\/#breadcrumb"},"inLanguage":"fr-FR","potentialAction":[{"@type":"ReadAction","target":["https:\/\/dusens.group\/fr\/press\/dusens-group-ex-tequilarapido-x-mobilize-frappent-fort-avec-une-operation-guerilla\/"]}]},{"@type":"BreadcrumbList","@id":"https:\/\/dusens.group\/fr\/press\/dusens-group-ex-tequilarapido-x-mobilize-frappent-fort-avec-une-operation-guerilla\/#breadcrumb","itemListElement":[{"@type":"ListItem","position":1,"name":"Accueil","item":"https:\/\/dusens.group\/fr\/"},{"@type":"ListItem","position":2,"name":"Nos actualit\u00e9s","item":"https:\/\/dusens.group\/fr\/presse\/"},{"@type":"ListItem","position":3,"name":"Dusens Group (ex tequilarapido) x Mobilize frappent fort avec une op\u00e9ration gu\u00e9rilla"}]},{"@type":"WebSite","@id":"https:\/\/dusens.group\/fr\/#website","url":"https:\/\/dusens.group\/fr\/","name":"Dusens Group","description":"","potentialAction":[{"@type":"SearchAction","target":{"@type":"EntryPoint","urlTemplate":"https:\/\/dusens.group\/fr\/?s={search_term_string}"},"query-input":"required name=search_term_string"}],"inLanguage":"fr-FR"}]}},"_links":{"self":[{"href":"https:\/\/dusens.group\/fr\/wp-json\/wp\/v2\/press\/7775"}],"collection":[{"href":"https:\/\/dusens.group\/fr\/wp-json\/wp\/v2\/press"}],"about":[{"href":"https:\/\/dusens.group\/fr\/wp-json\/wp\/v2\/types\/press"}],"wp:attachment":[{"href":"https:\/\/dusens.group\/fr\/wp-json\/wp\/v2\/media?parent=7775"}],"wp:term":[{"taxonomy":"topics","embeddable":true,"href":"https:\/\/dusens.group\/fr\/wp-json\/wp\/v2\/topics?post=7775"}],"curies":[{"name":"wp","href":"https:\/\/api.w.org\/{rel}","templated":true}]}}