{"id":6951,"date":"2024-07-01T15:18:00","date_gmt":"2024-07-01T13:18:00","guid":{"rendered":"https:\/\/dusens.group\/?post_type=stories&#038;p=6951"},"modified":"2025-07-21T16:20:22","modified_gmt":"2025-07-21T14:20:22","slug":"volkswagen-group-france-realisation-de-la-nouvelle-plateforme-corporate","status":"publish","type":"stories","link":"https:\/\/dusens.group\/fr\/stories\/volkswagen-group-france-realisation-de-la-nouvelle-plateforme-corporate\/","title":{"rendered":"VOLKSWAGEN GROUP FRANCE &#8211; R\u00e9alisation de la nouvelle plateforme corporate"},"content":{"rendered":"\n\n<div class=\"cp-hero-banner-stories full-screen teq-container banner    \"\n    >\n    <div class=\"teq-grid\">\n        <div class=\"col-span-24 mt-[140px] lg:mt-20 mb-10 cp-breadcrumb  font-shoene hidden lg:grid\">\n            <nav class=\"breadcrumb\">\n            <span><span><a href=\"https:\/\/dusens.group\/fr\/\">Accueil<\/a><\/span><\/span>        <\/nav>\n    <\/div>\n    <\/div>\n    <div class=\"teq-grid\">\n        <div class=\"col-span-6 md:col-span-12 lg:col-span-11 order-2 lg:order-1 self-center left\">\n                            <picture class=\"aspect-[720\/546]\">\n                    <source media=\"(max-width: 767px)\" srcset=\"https:\/\/dusens.group\/app\/uploads\/2025\/03\/thumbnail-mobile-volkswagen-group-france-refonte-site.jpg\" \/>\n                    <source media=\"(min-width: 768px)\" srcset=\"https:\/\/dusens.group\/app\/uploads\/2025\/03\/thumbnail-volkswagen-group-france-refonte-site.jpg\" \/>\n                    <img decoding=\"async\" src=\"https:\/\/dusens.group\/app\/uploads\/2025\/03\/thumbnail-volkswagen-group-france-refonte-site.jpg\"\n                        alt=\"thumbnail-volkswagen-group-france-refonte-site\" \/>\n                <\/picture>\n                    <\/div>\n        <div class=\"col-span-6 md:col-span-12 lg:col-span-10 lg:col-start-13 order-1 lg:order-2 mb-12 lg:mb-0 right\">\n\n            <div class=\"tags-share flex justify-between items-center\">\n                <ul class=\"flex tags gap-4 mb-4 mt-10\">\n                                            <li class=\"font-sohne text-xs font-semibold leading-none uppercase square-before\">\n                            Mobilit\u00e9                        <\/li>\n                                                                <li class=\"font-sohne text-xs font-semibold leading-none uppercase square-before\">\n                            Corporate                        <\/li>\n                                                                <li class=\"font-sohne text-xs font-semibold leading-none uppercase square-before\">\n                            Europe                        <\/li>\n                                    <\/ul>\n\n                <div class=\"share-wrapper desktop-only flex gap-6 mb-4 mt-10\">\n                    <div class=\"share-part flex gap-1 cursor-pointer relative\">\n                        <div class=\"share-part-inner flex gap-1 items-center\">\n                            <div class=\"relative share-label-wrapper\">\n                                <p class=\"label-inner text-base\">Share<\/p>\n                                <div class=\"share-list mt-3 mt-lg-0 height-100 absolute\">\n                                    <div class=\"flex  align-center\">\n                                        <a target=\"_blank\"\n                                            href=\"https:\/\/twitter.com\/intent\/tweet?url=https%3A%2F%2Fdusens.group%2Ffr%2Fstories%2Fvolkswagen-group-france-realisation-de-la-nouvelle-plateforme-corporate%2F\"\n                                            onclick=\"window.open(this.href, 'mywin', 'left=20,top=20,width=500,height=500,toolbar=1,resizable=0'); return false;\"\n                                            class=\"txt-0 share-btn anim-ltr\" tabindex=\"-1\" aria-label=\"\">\n                                            <svg class=\"icon-x\">\n                                                <use xlink:href=\"#icon-x\"><\/use>\n                                            <\/svg>\n                                        <\/a>\n                                        <a href=\"https:\/\/www.linkedin.com\/sharing\/share-offsite\/?url=https:\/\/dusens.group\/fr\/stories\/volkswagen-group-france-realisation-de-la-nouvelle-plateforme-corporate\/\"\n                                            onclick=\"window.open(this.href, 'mywin', 'left=20,top=20,width=500,height=500,toolbar=1,resizable=0'); return false;\"\n                                            class=\"txt-0 share-btn anim-ltr\" tabindex=\"-1\" aria-label=\"\">\n                                            <svg class=\"icon-linkedin\">\n                                                <use xlink:href=\"#icon-linkedin\"><\/use>\n                                            <\/svg>\n                                        <\/a>\n                                        <a href=\"https:\/\/www.facebook.com\/sharer.php?u=https:\/\/dusens.group\/fr\/stories\/volkswagen-group-france-realisation-de-la-nouvelle-plateforme-corporate\/\"\n                                            onclick=\"window.open(this.href, 'mywin', 'left=20,top=20,width=500,height=500,toolbar=1,resizable=0'); return false;\"\n                                            class=\"txt-0 share-btn anim-ltr\" tabindex=\"-1\" aria-label=\"\">\n                                            <svg class=\"icon-facebook\">\n                                                <use xlink:href=\"#icon-facebook\"><\/use>\n                                            <\/svg>\n                                        <\/a>\n                                    <\/div>\n                                <\/div>\n                            <\/div>\n                            <svg class=\"icon-share\">\n                                <use xlink:href=\"#icon-share\"><\/use>\n                            <\/svg>\n                        <\/div>\n                    <\/div>\n\n                    <div class=\"copy-url-part flex gap-1 items-center cursor-pointer\">\n                        <p class=\"copy-label anim-ltr text-base\">\n                            Copier l&rsquo;URL                        <\/p>\n                        <p class=\"copied-label anim-ltr\">\n                            Copi\u00e9e !                        <\/p>\n                        <svg class=\"icon-copy\">\n                            <use xlink:href=\"#icon-copy\"><\/use>\n                        <\/svg>\n                    <\/div>\n                <\/div>\n            <\/div>\n\n                            <h1 class=\"font-sohne text-5xl lg:text-6vw font-semibold uppercase mb-4\">\n                    VOLKSWAGEN GROUP FRANCE                <\/h1>\n            \n                            <p class=\"font-sohne text-lg lg:text-2xl leading-[1.2] lg:leading-[29px] font-normal mb-4 lg:mb-6\">\n                    R\u00e9alisation de la nouvelle plateforme corporate                <\/p>\n            \n            <!-- Mobile share modal -->\n            <div class=\"share-wrapper mobile-only flex gap-1 cursor-pointer relative mb-4 items-center\">\n                <svg class=\"icon-share\">\n                    <use xlink:href=\"#icon-share\"><\/use>\n                <\/svg>\n                <p class=\"label\">partager<\/p>\n            <\/div>\n\n                        <div class=\"wysiwyg\">\n                <p>\n                    <p>D\u00e9velopper un nouveau site qui incarne les engagements et initiatives du Groupe pour relever les enjeux de la mobilit\u00e9 du futur et adresser ses audiences corporate.<\/p>\n                <\/p>\n            <\/div>\n            \n                            <p class=\"wysiwyg mt-4\">\n                    Expertises :                     Advisory, Digital                <\/p>\n            \n                        <div class=\"flex flex-col lg:flex-row gap-4 mt-10\">\n                                    <a class=\"btn-primary new-tab\"\n                        href=\"https:\/\/volkswagengroup.fr\/\"\n                        target=\"_blank\"\n                        data-text=\"Voir le site\"\n                        aria-label=\"Voir le site \">\n                        <span class=\"left\">\n                            <svg class=\"icon-arrow-cta\">\n                                <use xlink:href=\"#icon-arrow-cta\"><\/use>\n                            <\/svg>\n                        <\/span>\n                        <span class=\"right\">\n                            Voir le site                            <svg class=\"icon-arrow-cta\">\n                                <use xlink:href=\"#icon-arrow-cta\"><\/use>\n                            <\/svg>\n                        <\/span>\n                    <\/a>\n                                            <\/div>\n                    <\/div>\n            <\/div>\n<\/div>\n\n\n\n\n<div class=\"cp-list-text teq-container    \" >\n    <div class=\"teq-grid\">\n        <div class=\"col-span-24  lg:col-span-4 lg:col-start-3  mb-16\">\n                                <\/div>\n        <div class=\"col-span-24 lg:col-span-10 lg:col-start-12\">\n                            <h2 class=\"uppercase mb-6 font-semibold\">L&rsquo;enjeu<\/h2>\n                                        <div class=\"paragraph\"><p>Volkswagen Group fait \u00e9voluer son identit\u00e9 de marque \u00e0 l\u2019\u00e9chelle internationale. Tous les pays sont invit\u00e9s \u00e0 actualiser leurs supports de communication, y compris les sites internet. Le site de Volkswagen Group France n\u2019\u00e9chappe pas \u00e0 cette \u00e9volution.<\/p>\n<\/div>\n                                <\/div>\n    <\/div>\n     \n<\/div>\n\n\n\n<div class=\"cp-hero-case teq-container full-screen     block-central  \" style=\"background-color:\" >\n\n    \n    <div class=\"teq-grid img-video-row\">\n                            <div class=\"col-span-6 md:col-span-12 lg:col-span-24 flex img-bg\">\n                <picture class=\"flex w-full h-auto\">\n                    <source srcset=\"https:\/\/dusens.group\/app\/uploads\/2024\/07\/vgf-illustration-v2-mobile.jpg\" media=\"(max-width: 767px)\" \/>\n                    <source srcset=\"https:\/\/dusens.group\/app\/uploads\/2024\/07\/vgf-illustration-v2.jpg\" media=\"(min-width: 768px)\" \/>\n                    <img decoding=\"async\" src=\"https:\/\/dusens.group\/app\/uploads\/2024\/07\/vgf-illustration-v2.jpg\" alt=\"vgf-illustration-v2\" \/>\n                <\/picture>\n            <\/div>\n                    \n                \n                    <\/div>\n    <\/div>\n\n\n\n\n<div class=\"cp-list-text teq-container    \" >\n    <div class=\"teq-grid\">\n        <div class=\"col-span-24  lg:col-span-4 lg:col-start-3  mb-16\">\n                                <\/div>\n        <div class=\"col-span-24 lg:col-span-10 lg:col-start-12\">\n                            <h2 class=\"uppercase mb-6 font-semibold\">Notre strat\u00e9gie d\u2019engagement<\/h2>\n                                        <div class=\"paragraph\"><p>Pour Volkswagen Group France, nous avons recommand\u00e9 de conserver la structure du site, alors en cours de production, tout en adaptant uniquement les \u00e9l\u00e9ments visuels n\u00e9cessaires afin d\u2019aligner son design avec les nouvelles guidelines branding du groupe. Un choix strat\u00e9gique pour garantir coh\u00e9rence, efficacit\u00e9 et optimisation des ressources.<\/p>\n<\/div>\n                                <\/div>\n    <\/div>\n     \n<\/div>\n\n\n\n<div class=\"cp-portrait-layout full-screen teq-container    \" >\n    <div class=\"teq-grid\">\n        <div class=\"col-span-6 md:col-span-12 lg:col-span-6 relative h-fit mb-20 lgx:mb-0 left autoplay-false\">\n            <div class=\"media-inner relative\">\n                                    <picture>\n                        <source media=\"(max-width: 767px)\"\n                                srcset=\"https:\/\/dusens.group\/app\/uploads\/2025\/03\/volkswagen-site-left-mobile.jpg\"\/>\n                        <source media=\"(min-width: 768px)\"\n                                srcset=\"https:\/\/dusens.group\/app\/uploads\/2025\/03\/volkswagen-site-left.jpg\"\/>\n                        <img decoding=\"async\"\n                                src=\"https:\/\/dusens.group\/app\/uploads\/2025\/03\/volkswagen-site-left.jpg\"\n                                alt=\"volkswagen-site-left\"\/>\n                    <\/picture>\n                            <\/div>\n        <\/div>\n        <div class=\"col-span-6 md:col-span-12 lg:col-start-11 lg:col-span-14 right\">\n            <div class=\"media-inner relative\">\n                                    <picture>\n                        <source media=\"(max-width: 767px)\"\n                                srcset=\"https:\/\/dusens.group\/app\/uploads\/2025\/03\/volkswagen-site-right-mobile.jpg\"\/>\n                        <source media=\"(min-width: 768px)\"\n                                srcset=\"https:\/\/dusens.group\/app\/uploads\/2025\/03\/volkswagen-site-right.jpg\"\/>\n                        <img decoding=\"async\"\n                                src=\"https:\/\/dusens.group\/app\/uploads\/2025\/03\/volkswagen-site-right.jpg\"\n                                alt=\"volkswagen-site-right\"\/>\n                    <\/picture>\n                            <\/div>\n        <\/div>\n    <\/div>\n     \n<\/div>\n\n\n\n\n<div class=\"cp-list-text teq-container    \" >\n    <div class=\"teq-grid\">\n        <div class=\"col-span-24  lg:col-span-4 lg:col-start-3  mb-16\">\n                                <\/div>\n        <div class=\"col-span-24 lg:col-span-10 lg:col-start-12\">\n                            <h2 class=\"uppercase mb-6 font-semibold\">\u00c0 propos de la marque<\/h2>\n                                        <div class=\"paragraph\"><p>Port\u00e9 par l\u2019engagement de ses six marques, Volkswagen Group France transforme les grands d\u00e9fis de l\u2019industrie automobile en moteurs d\u2019innovation. Le groupe construit chaque jour une mobilit\u00e9 plus responsable, alliant performance technologique, ambition sociale et respect de l\u2019environnement, avec la durabilit\u00e9 et l\u2019humain au c\u0153ur de ses priorit\u00e9s.<\/p>\n<\/div>\n                                <\/div>\n    <\/div>\n     \n<\/div>\n\n\n\n<div class=\"teq-container cp-slider-case-img full-screen\">\n    <!-- ici soit on stylise avec un background-color, ou alors ou rajoute une image en background -->\n    <div class=\"teq-grid \">\n        <div class=\"background-slider\" >\n                            <picture class=\"w-full\">\n                    <source media=\"(max-width: 767px)\" srcset=\"https:\/\/dusens.group\/app\/uploads\/2025\/03\/background-volkswagen.jpg\" \/>\n                    <source media=\"(min-width: 768px)\" srcset=\"https:\/\/dusens.group\/app\/uploads\/2025\/03\/background-volkswagen.jpg\" \/>\n                    <img decoding=\"async\" src=\"https:\/\/dusens.group\/app\/uploads\/2025\/03\/background-volkswagen.jpg\" alt=\"background-volkswagen\" \/>\n                <\/picture>\n                    <\/div>\n                    <div class=\"col-span-6 md:col-span-12 lg:col-span-24 relative\">\n                <div class=\"swiper swiper-case-img\">\n                    <div class=\"swiper-wrapper\">\n                        <!-- Slide avec juste une image -->\n                                                                                    <div class=\"!w-4\/6  swiper-slide\">\n                                    <picture class=\"width-100\">\n                                        <source media=\"(max-width: 767px)\" srcset=\"https:\/\/dusens.group\/app\/uploads\/2025\/03\/volkswagen-slider-mobile-1.jpg\" \/>\n                                        <source media=\"(min-width: 768px)\" srcset=\"https:\/\/dusens.group\/app\/uploads\/2025\/03\/volkswagen-slider-1.jpg\" \/>\n                                        <img decoding=\"async\" src=\"https:\/\/dusens.group\/app\/uploads\/2025\/03\/volkswagen-slider-1.jpg\" alt=\"volkswagen-slider-1\" \/>\n                                    <\/picture>\n                                <\/div>\n                                                                                                                <div class=\"!w-4\/6  swiper-slide\">\n                                    <picture class=\"width-100\">\n                                        <source media=\"(max-width: 767px)\" srcset=\"https:\/\/dusens.group\/app\/uploads\/2025\/03\/volkswagen-slider-mobile-2.jpg\" \/>\n                                        <source media=\"(min-width: 768px)\" srcset=\"https:\/\/dusens.group\/app\/uploads\/2025\/03\/volkswagen-slider-2.jpg\" \/>\n                                        <img decoding=\"async\" src=\"https:\/\/dusens.group\/app\/uploads\/2025\/03\/volkswagen-slider-2.jpg\" alt=\"volkswagen-slider-2\" \/>\n                                    <\/picture>\n                                <\/div>\n                                                                                                                <div class=\"!w-4\/6  swiper-slide\">\n                                    <picture class=\"width-100\">\n                                        <source media=\"(max-width: 767px)\" srcset=\"https:\/\/dusens.group\/app\/uploads\/2025\/03\/volkswagen-slider-mobile-3.jpg\" \/>\n                                        <source media=\"(min-width: 768px)\" srcset=\"https:\/\/dusens.group\/app\/uploads\/2025\/03\/volkswagen-slider-3.jpg\" \/>\n                                        <img decoding=\"async\" src=\"https:\/\/dusens.group\/app\/uploads\/2025\/03\/volkswagen-slider-3.jpg\" alt=\"volkswagen-slider-3\" \/>\n                                    <\/picture>\n                                <\/div>\n                                                                        <\/div>\n                    <div class=\"swiper-pagination\"><\/div>\n                    <div class=\"swiper-next arrow-cursor next\" data-text=\"Suiv.\"><\/div>\n                    <div class=\"swiper-prev arrow-cursor prev\" data-text=\"Pr\u00e9c.\"><\/div>\n                <\/div>\n            <\/div>\n            <\/div>\n    <\/div>\n\n\n\n<div id=\"block_9e366ceeb3749bbaad6a3aaa0a9c8839\" class=\"cp-multiple-img-txt teq-container full-screen    \" >\n            <div class=\"teq-grid mb-2\">\n            <div class=\"col-span-6 md:col-span-12 lg:col-span-12\">\n                <h2 class=\"text-xs lg:text-base font-semibold  uppercase leading-none square-before\">Voir plus <\/h2>\n            <\/div>\n        <\/div>\n        <div class=\"teq-grid gap-y-8\">\n                                                    <figure class=\"col-span-6 md:col-span-12 lg:col-span-12 relative\">\n                    <div>\n                                                    <img decoding=\"async\" class=\"aspect-[4\/3]\" src=\"https:\/\/dusens.group\/app\/uploads\/2015\/01\/thumbnail-bouygues-demain-ville.jpg\" alt=\"thumbnail-bouygues-demain-ville\">\n                                                <div class=\"hidden\">Voir plus<\/div>\n                    <\/div>\n                    <!-- Title -->\n                                            <figcaption class=\"text-lg lg:text-[20px] leading-none font-medium mt-2\"><p>BOUYGUES<\/p>\n<\/figcaption>\n                                        <!-- desc -->\n                                            <div class=\"text-xs leading-[15px] mt-2 lg:mt-0\">\n                            <p>Demain La Ville : cr\u00e9ation d&rsquo;une plateforme d&rsquo;information et de dialogue<\/p>\n                        <\/div>\n                                                                <a class=\"absolute inset-0\" href=\"https:\/\/dusens.group\/fr\/stories\/bouygues-demain-la-ville-creation-dune-plateforme-dinformation-et-de-dialogue\/\" aria-label=\"lien vers https:\/\/dusens.group\/fr\/stories\/bouygues-demain-la-ville-creation-dune-plateforme-dinformation-et-de-dialogue\/\"><\/a>\n                                    <\/figure>\n                                            <figure class=\"col-span-6 md:col-span-12 lg:col-span-12 relative\">\n                    <div>\n                                                    <img decoding=\"async\" class=\"aspect-[4\/3]\" src=\"https:\/\/dusens.group\/app\/uploads\/2016\/09\/Thumbnail_Nissan_Insider-desktop.jpg\" alt=\"Thumbnail_Nissan_Insider-desktop\">\n                                                <div class=\"hidden\">Voir plus<\/div>\n                    <\/div>\n                    <!-- Title -->\n                                            <figcaption class=\"text-lg lg:text-[20px] leading-none font-medium mt-2\"><p>NISSAN<\/p>\n<\/figcaption>\n                                        <!-- desc -->\n                                            <div class=\"text-xs leading-[15px] mt-2 lg:mt-0\">\n                            <p>Cr\u00e9ation de la plateforme digital interne Insider<\/p>\n                        <\/div>\n                                                                <a class=\"absolute inset-0\" href=\"https:\/\/dusens.group\/fr\/stories\/nissan-creation-de-la-plateforme-digital-interne-insider\/\" aria-label=\"lien vers https:\/\/dusens.group\/fr\/stories\/nissan-creation-de-la-plateforme-digital-interne-insider\/\"><\/a>\n                                    <\/figure>\n                        <\/div>\n    <\/div>","protected":false},"excerpt":{"rendered":"","protected":false},"template":"","customers":[90],"sectors":[252],"expertises":[262,263],"challenges":[268],"geolocation":[271],"tags":[277,276,275,274],"class_list":["post-6951","stories","type-stories","status-publish","hentry","customers-volkswagen-group-france","sectors-mobility-fr","expertises-advisory-fr","expertises-digital-fr","challenges-corporate-fr","geolocation-europe-fr","tags-dev-fr","tags-ui-fr","tags-ux-fr","tags-website-fr"],"acf":[],"yoast_head":"<!-- This site is optimized with the Yoast SEO plugin v23.1 - https:\/\/yoast.com\/wordpress\/plugins\/seo\/ -->\n<title>VOLKSWAGEN GROUP FRANCE - R\u00e9alisation de la nouvelle plateforme corporate - Dusens Group<\/title>\n<meta name=\"robots\" content=\"index, follow, max-snippet:-1, max-image-preview:large, max-video-preview:-1\" \/>\n<link rel=\"canonical\" href=\"https:\/\/dusens.group\/fr\/stories\/volkswagen-group-france-realisation-de-la-nouvelle-plateforme-corporate\/\" \/>\n<meta property=\"og:locale\" content=\"fr_FR\" \/>\n<meta property=\"og:type\" content=\"article\" \/>\n<meta property=\"og:title\" content=\"VOLKSWAGEN GROUP FRANCE - R\u00e9alisation de la nouvelle plateforme corporate - Dusens Group\" \/>\n<meta property=\"og:url\" content=\"https:\/\/dusens.group\/fr\/stories\/volkswagen-group-france-realisation-de-la-nouvelle-plateforme-corporate\/\" \/>\n<meta property=\"og:site_name\" content=\"Dusens Group\" \/>\n<meta property=\"article:modified_time\" content=\"2025-07-21T14:20:22+00:00\" \/>\n<meta property=\"og:image\" content=\"https:\/\/dusens.group\/app\/uploads\/2025\/03\/thumbnail-volkswagen-group-france-refonte-site.jpg\" \/>\n<meta name=\"twitter:card\" content=\"summary_large_image\" \/>\n<meta name=\"twitter:image\" content=\"https:\/\/dusens.group\/app\/uploads\/2025\/03\/thumbnail-volkswagen-group-france-refonte-site.jpg\" \/>\n<script type=\"application\/ld+json\" class=\"yoast-schema-graph\">{\"@context\":\"https:\/\/schema.org\",\"@graph\":[{\"@type\":\"WebPage\",\"@id\":\"https:\/\/dusens.group\/fr\/stories\/volkswagen-group-france-realisation-de-la-nouvelle-plateforme-corporate\/\",\"url\":\"https:\/\/dusens.group\/fr\/stories\/volkswagen-group-france-realisation-de-la-nouvelle-plateforme-corporate\/\",\"name\":\"VOLKSWAGEN GROUP FRANCE - R\u00e9alisation de la nouvelle plateforme corporate - Dusens Group\",\"isPartOf\":{\"@id\":\"https:\/\/dusens.group\/fr\/#website\"},\"datePublished\":\"2024-07-01T13:18:00+00:00\",\"dateModified\":\"2025-07-21T14:20:22+00:00\",\"breadcrumb\":{\"@id\":\"https:\/\/dusens.group\/fr\/stories\/volkswagen-group-france-realisation-de-la-nouvelle-plateforme-corporate\/#breadcrumb\"},\"inLanguage\":\"fr-FR\",\"potentialAction\":[{\"@type\":\"ReadAction\",\"target\":[\"https:\/\/dusens.group\/fr\/stories\/volkswagen-group-france-realisation-de-la-nouvelle-plateforme-corporate\/\"]}]},{\"@type\":\"BreadcrumbList\",\"@id\":\"https:\/\/dusens.group\/fr\/stories\/volkswagen-group-france-realisation-de-la-nouvelle-plateforme-corporate\/#breadcrumb\",\"itemListElement\":[{\"@type\":\"ListItem\",\"position\":1,\"name\":\"Accueil\",\"item\":\"https:\/\/dusens.group\/fr\/\"},{\"@type\":\"ListItem\",\"position\":2,\"name\":\"Nos r\u00e9alisations\",\"item\":\"https:\/\/dusens.group\/fr\/nos-realisations\/\"},{\"@type\":\"ListItem\",\"position\":3,\"name\":\"VOLKSWAGEN GROUP FRANCE &#8211; R\u00e9alisation de la nouvelle plateforme corporate\"}]},{\"@type\":\"WebSite\",\"@id\":\"https:\/\/dusens.group\/fr\/#website\",\"url\":\"https:\/\/dusens.group\/fr\/\",\"name\":\"Dusens Group\",\"description\":\"\",\"potentialAction\":[{\"@type\":\"SearchAction\",\"target\":{\"@type\":\"EntryPoint\",\"urlTemplate\":\"https:\/\/dusens.group\/fr\/?s={search_term_string}\"},\"query-input\":\"required name=search_term_string\"}],\"inLanguage\":\"fr-FR\"}]}<\/script>\n<!-- \/ Yoast SEO plugin. -->","yoast_head_json":{"title":"VOLKSWAGEN GROUP FRANCE - R\u00e9alisation de la nouvelle plateforme corporate - Dusens Group","robots":{"index":"index","follow":"follow","max-snippet":"max-snippet:-1","max-image-preview":"max-image-preview:large","max-video-preview":"max-video-preview:-1"},"canonical":"https:\/\/dusens.group\/fr\/stories\/volkswagen-group-france-realisation-de-la-nouvelle-plateforme-corporate\/","og_locale":"fr_FR","og_type":"article","og_title":"VOLKSWAGEN GROUP FRANCE - R\u00e9alisation de la nouvelle plateforme corporate - Dusens Group","og_url":"https:\/\/dusens.group\/fr\/stories\/volkswagen-group-france-realisation-de-la-nouvelle-plateforme-corporate\/","og_site_name":"Dusens Group","article_modified_time":"2025-07-21T14:20:22+00:00","og_image":[{"url":"https:\/\/dusens.group\/app\/uploads\/2025\/03\/thumbnail-volkswagen-group-france-refonte-site.jpg"}],"twitter_card":"summary_large_image","twitter_image":"https:\/\/dusens.group\/app\/uploads\/2025\/03\/thumbnail-volkswagen-group-france-refonte-site.jpg","schema":{"@context":"https:\/\/schema.org","@graph":[{"@type":"WebPage","@id":"https:\/\/dusens.group\/fr\/stories\/volkswagen-group-france-realisation-de-la-nouvelle-plateforme-corporate\/","url":"https:\/\/dusens.group\/fr\/stories\/volkswagen-group-france-realisation-de-la-nouvelle-plateforme-corporate\/","name":"VOLKSWAGEN GROUP FRANCE - R\u00e9alisation de la nouvelle plateforme corporate - Dusens Group","isPartOf":{"@id":"https:\/\/dusens.group\/fr\/#website"},"datePublished":"2024-07-01T13:18:00+00:00","dateModified":"2025-07-21T14:20:22+00:00","breadcrumb":{"@id":"https:\/\/dusens.group\/fr\/stories\/volkswagen-group-france-realisation-de-la-nouvelle-plateforme-corporate\/#breadcrumb"},"inLanguage":"fr-FR","potentialAction":[{"@type":"ReadAction","target":["https:\/\/dusens.group\/fr\/stories\/volkswagen-group-france-realisation-de-la-nouvelle-plateforme-corporate\/"]}]},{"@type":"BreadcrumbList","@id":"https:\/\/dusens.group\/fr\/stories\/volkswagen-group-france-realisation-de-la-nouvelle-plateforme-corporate\/#breadcrumb","itemListElement":[{"@type":"ListItem","position":1,"name":"Accueil","item":"https:\/\/dusens.group\/fr\/"},{"@type":"ListItem","position":2,"name":"Nos r\u00e9alisations","item":"https:\/\/dusens.group\/fr\/nos-realisations\/"},{"@type":"ListItem","position":3,"name":"VOLKSWAGEN GROUP FRANCE &#8211; R\u00e9alisation de la nouvelle plateforme corporate"}]},{"@type":"WebSite","@id":"https:\/\/dusens.group\/fr\/#website","url":"https:\/\/dusens.group\/fr\/","name":"Dusens Group","description":"","potentialAction":[{"@type":"SearchAction","target":{"@type":"EntryPoint","urlTemplate":"https:\/\/dusens.group\/fr\/?s={search_term_string}"},"query-input":"required name=search_term_string"}],"inLanguage":"fr-FR"}]}},"_links":{"self":[{"href":"https:\/\/dusens.group\/fr\/wp-json\/wp\/v2\/stories\/6951"}],"collection":[{"href":"https:\/\/dusens.group\/fr\/wp-json\/wp\/v2\/stories"}],"about":[{"href":"https:\/\/dusens.group\/fr\/wp-json\/wp\/v2\/types\/stories"}],"wp:attachment":[{"href":"https:\/\/dusens.group\/fr\/wp-json\/wp\/v2\/media?parent=6951"}],"wp:term":[{"taxonomy":"customers","embeddable":true,"href":"https:\/\/dusens.group\/fr\/wp-json\/wp\/v2\/customers?post=6951"},{"taxonomy":"sectors","embeddable":true,"href":"https:\/\/dusens.group\/fr\/wp-json\/wp\/v2\/sectors?post=6951"},{"taxonomy":"expertises","embeddable":true,"href":"https:\/\/dusens.group\/fr\/wp-json\/wp\/v2\/expertises?post=6951"},{"taxonomy":"challenges","embeddable":true,"href":"https:\/\/dusens.group\/fr\/wp-json\/wp\/v2\/challenges?post=6951"},{"taxonomy":"geolocation","embeddable":true,"href":"https:\/\/dusens.group\/fr\/wp-json\/wp\/v2\/geolocation?post=6951"},{"taxonomy":"tags","embeddable":true,"href":"https:\/\/dusens.group\/fr\/wp-json\/wp\/v2\/tags?post=6951"}],"curies":[{"name":"wp","href":"https:\/\/api.w.org\/{rel}","templated":true}]}}